{"id":89,"date":"2023-07-27T20:47:12","date_gmt":"2023-07-27T20:47:12","guid":{"rendered":"https:\/\/blog.jungwacht-oberegg.ch\/lager2023\/?p=89"},"modified":"2023-07-27T20:47:12","modified_gmt":"2023-07-27T20:47:12","slug":"die-7-zwerge-sind-komplett","status":"publish","type":"post","link":"https:\/\/blog.jungwacht-oberegg.ch\/lager2023\/index.php\/2023\/07\/27\/die-7-zwerge-sind-komplett\/","title":{"rendered":"Die 7 Zwerge sind komplett"},"content":{"rendered":"\n<p>Am gestrigen Abend wollte Schneewittchen wissen, wieviel wir \u00fcber R\u00e4mtlewil und die Personen, die dort wohnen, wissen. Gemeinsam erlebten wir einen kurzweiligen Quizabend mit lustigen Fragen.<\/p>\n\n\n\n<figure class=\"wp-block-image size-large\"><img decoding=\"async\" loading=\"lazy\" width=\"1024\" height=\"683\" src=\"https:\/\/blog.jungwacht-oberegg.ch\/lager2023\/wp-content\/uploads\/2023\/07\/IMG_6758-1024x683.jpg\" alt=\"\" class=\"wp-image-92\" srcset=\"https:\/\/blog.jungwacht-oberegg.ch\/lager2023\/wp-content\/uploads\/2023\/07\/IMG_6758-1024x683.jpg 1024w, https:\/\/blog.jungwacht-oberegg.ch\/lager2023\/wp-content\/uploads\/2023\/07\/IMG_6758-300x200.jpg 300w, https:\/\/blog.jungwacht-oberegg.ch\/lager2023\/wp-content\/uploads\/2023\/07\/IMG_6758-768x512.jpg 768w, https:\/\/blog.jungwacht-oberegg.ch\/lager2023\/wp-content\/uploads\/2023\/07\/IMG_6758-1536x1024.jpg 1536w, https:\/\/blog.jungwacht-oberegg.ch\/lager2023\/wp-content\/uploads\/2023\/07\/IMG_6758-2048x1365.jpg 2048w, https:\/\/blog.jungwacht-oberegg.ch\/lager2023\/wp-content\/uploads\/2023\/07\/IMG_6758-1568x1045.jpg 1568w\" sizes=\"(max-width: 1024px) 100vw, 1024px\" \/><\/figure>\n\n\n\n<figure class=\"wp-block-image size-large\"><img decoding=\"async\" loading=\"lazy\" width=\"1024\" height=\"683\" src=\"https:\/\/blog.jungwacht-oberegg.ch\/lager2023\/wp-content\/uploads\/2023\/07\/IMG_6754-1024x683.jpg\" alt=\"\" class=\"wp-image-91\" srcset=\"https:\/\/blog.jungwacht-oberegg.ch\/lager2023\/wp-content\/uploads\/2023\/07\/IMG_6754-1024x683.jpg 1024w, https:\/\/blog.jungwacht-oberegg.ch\/lager2023\/wp-content\/uploads\/2023\/07\/IMG_6754-300x200.jpg 300w, https:\/\/blog.jungwacht-oberegg.ch\/lager2023\/wp-content\/uploads\/2023\/07\/IMG_6754-768x512.jpg 768w, https:\/\/blog.jungwacht-oberegg.ch\/lager2023\/wp-content\/uploads\/2023\/07\/IMG_6754-1536x1024.jpg 1536w, https:\/\/blog.jungwacht-oberegg.ch\/lager2023\/wp-content\/uploads\/2023\/07\/IMG_6754-2048x1365.jpg 2048w, https:\/\/blog.jungwacht-oberegg.ch\/lager2023\/wp-content\/uploads\/2023\/07\/IMG_6754-1568x1045.jpg 1568w\" sizes=\"(max-width: 1024px) 100vw, 1024px\" \/><\/figure>\n\n\n\n<p>Am heutigen Nachmittag erhielten wir den letzten Besuch aus dem Zauberspiegel &#8211; von Ariel der Meerjungfrau. Da sie \u00f6fters ihren guten Fischfreund Fabius verarzten muss, konnten wir einiges \u00fcber<br>die Erste Hilfe, zum Beispiel bei Verbrennungen oder wie die Rettung korrekt alarmiert wird, lernen.<\/p>\n\n\n\n<figure class=\"wp-block-image size-large\"><img decoding=\"async\" loading=\"lazy\" width=\"1024\" height=\"683\" src=\"https:\/\/blog.jungwacht-oberegg.ch\/lager2023\/wp-content\/uploads\/2023\/07\/IMG_6782-1024x683.jpg\" alt=\"\" class=\"wp-image-106\" srcset=\"https:\/\/blog.jungwacht-oberegg.ch\/lager2023\/wp-content\/uploads\/2023\/07\/IMG_6782-1024x683.jpg 1024w, https:\/\/blog.jungwacht-oberegg.ch\/lager2023\/wp-content\/uploads\/2023\/07\/IMG_6782-300x200.jpg 300w, https:\/\/blog.jungwacht-oberegg.ch\/lager2023\/wp-content\/uploads\/2023\/07\/IMG_6782-768x512.jpg 768w, https:\/\/blog.jungwacht-oberegg.ch\/lager2023\/wp-content\/uploads\/2023\/07\/IMG_6782-1536x1024.jpg 1536w, https:\/\/blog.jungwacht-oberegg.ch\/lager2023\/wp-content\/uploads\/2023\/07\/IMG_6782-2048x1365.jpg 2048w, https:\/\/blog.jungwacht-oberegg.ch\/lager2023\/wp-content\/uploads\/2023\/07\/IMG_6782-1568x1045.jpg 1568w\" sizes=\"(max-width: 1024px) 100vw, 1024px\" \/><\/figure>\n\n\n\n<figure class=\"wp-block-image size-large\"><img decoding=\"async\" loading=\"lazy\" width=\"1024\" height=\"683\" src=\"https:\/\/blog.jungwacht-oberegg.ch\/lager2023\/wp-content\/uploads\/2023\/07\/IMG_6842-1024x683.jpg\" alt=\"\" class=\"wp-image-93\" srcset=\"https:\/\/blog.jungwacht-oberegg.ch\/lager2023\/wp-content\/uploads\/2023\/07\/IMG_6842-1024x683.jpg 1024w, https:\/\/blog.jungwacht-oberegg.ch\/lager2023\/wp-content\/uploads\/2023\/07\/IMG_6842-300x200.jpg 300w, https:\/\/blog.jungwacht-oberegg.ch\/lager2023\/wp-content\/uploads\/2023\/07\/IMG_6842-768x512.jpg 768w, https:\/\/blog.jungwacht-oberegg.ch\/lager2023\/wp-content\/uploads\/2023\/07\/IMG_6842-1536x1024.jpg 1536w, https:\/\/blog.jungwacht-oberegg.ch\/lager2023\/wp-content\/uploads\/2023\/07\/IMG_6842-2048x1365.jpg 2048w, https:\/\/blog.jungwacht-oberegg.ch\/lager2023\/wp-content\/uploads\/2023\/07\/IMG_6842-1568x1045.jpg 1568w\" sizes=\"(max-width: 1024px) 100vw, 1024px\" \/><\/figure>\n\n\n\n<figure class=\"wp-block-image size-large\"><img decoding=\"async\" loading=\"lazy\" width=\"1024\" height=\"683\" src=\"https:\/\/blog.jungwacht-oberegg.ch\/lager2023\/wp-content\/uploads\/2023\/07\/IMG_6814-1024x683.jpg\" alt=\"\" class=\"wp-image-94\" srcset=\"https:\/\/blog.jungwacht-oberegg.ch\/lager2023\/wp-content\/uploads\/2023\/07\/IMG_6814-1024x683.jpg 1024w, https:\/\/blog.jungwacht-oberegg.ch\/lager2023\/wp-content\/uploads\/2023\/07\/IMG_6814-300x200.jpg 300w, https:\/\/blog.jungwacht-oberegg.ch\/lager2023\/wp-content\/uploads\/2023\/07\/IMG_6814-768x512.jpg 768w, https:\/\/blog.jungwacht-oberegg.ch\/lager2023\/wp-content\/uploads\/2023\/07\/IMG_6814-1536x1024.jpg 1536w, https:\/\/blog.jungwacht-oberegg.ch\/lager2023\/wp-content\/uploads\/2023\/07\/IMG_6814-2048x1365.jpg 2048w, https:\/\/blog.jungwacht-oberegg.ch\/lager2023\/wp-content\/uploads\/2023\/07\/IMG_6814-1568x1045.jpg 1568w\" sizes=\"(max-width: 1024px) 100vw, 1024px\" \/><\/figure>\n\n\n\n<p>Vor dem Abendessen entdeckten wird das Rumpelstilzchen, das um das Feuer tanzte. Es gab uns die Chance, seinen Namen zu erraten. Wir hatten vier Versuche und konnten seinen korrekten Namen<br>tats\u00e4chlich herausfinden. Trotzig \u00fcberreichte es uns wie versprochen den letzten Spiegelteil. Mit all den erhaltenen Teilen reparierten Schneewittchen und die zwei Zwerge den Zauberspiegel.<\/p>\n\n\n\n<figure class=\"wp-block-image size-large\"><img decoding=\"async\" loading=\"lazy\" width=\"1024\" height=\"683\" src=\"https:\/\/blog.jungwacht-oberegg.ch\/lager2023\/wp-content\/uploads\/2023\/07\/IMG_6879-1024x683.jpg\" alt=\"\" class=\"wp-image-95\" srcset=\"https:\/\/blog.jungwacht-oberegg.ch\/lager2023\/wp-content\/uploads\/2023\/07\/IMG_6879-1024x683.jpg 1024w, https:\/\/blog.jungwacht-oberegg.ch\/lager2023\/wp-content\/uploads\/2023\/07\/IMG_6879-300x200.jpg 300w, https:\/\/blog.jungwacht-oberegg.ch\/lager2023\/wp-content\/uploads\/2023\/07\/IMG_6879-768x512.jpg 768w, https:\/\/blog.jungwacht-oberegg.ch\/lager2023\/wp-content\/uploads\/2023\/07\/IMG_6879-1536x1024.jpg 1536w, https:\/\/blog.jungwacht-oberegg.ch\/lager2023\/wp-content\/uploads\/2023\/07\/IMG_6879-2048x1365.jpg 2048w, https:\/\/blog.jungwacht-oberegg.ch\/lager2023\/wp-content\/uploads\/2023\/07\/IMG_6879-1568x1045.jpg 1568w\" sizes=\"(max-width: 1024px) 100vw, 1024px\" \/><\/figure>\n\n\n\n<p>Nach dem Abendessen war es dann endlich soweit und Schneewittchen setzte das letzte Spiegelst\u00fcck ein. Kaum war dies geschehen, sprangen die f\u00fcnf verschwundenen Zwerge fr\u00f6hlich nacheinander aus dem Spiegel. Gross war die Wiedersehensfreude. Auch wir freuten uns riesig. Somit war unser Abschlussabend perfekt.<\/p>\n\n\n\n<figure class=\"wp-block-image\"><img alt=\"\"\/><\/figure>\n\n\n\n<figure class=\"wp-block-image size-large\"><img decoding=\"async\" loading=\"lazy\" width=\"1024\" height=\"683\" src=\"https:\/\/blog.jungwacht-oberegg.ch\/lager2023\/wp-content\/uploads\/2023\/07\/IMG_6899-2-1024x683.jpg\" alt=\"\" class=\"wp-image-101\" srcset=\"https:\/\/blog.jungwacht-oberegg.ch\/lager2023\/wp-content\/uploads\/2023\/07\/IMG_6899-2-1024x683.jpg 1024w, https:\/\/blog.jungwacht-oberegg.ch\/lager2023\/wp-content\/uploads\/2023\/07\/IMG_6899-2-300x200.jpg 300w, https:\/\/blog.jungwacht-oberegg.ch\/lager2023\/wp-content\/uploads\/2023\/07\/IMG_6899-2-768x512.jpg 768w, https:\/\/blog.jungwacht-oberegg.ch\/lager2023\/wp-content\/uploads\/2023\/07\/IMG_6899-2-1536x1024.jpg 1536w, https:\/\/blog.jungwacht-oberegg.ch\/lager2023\/wp-content\/uploads\/2023\/07\/IMG_6899-2-2048x1365.jpg 2048w, https:\/\/blog.jungwacht-oberegg.ch\/lager2023\/wp-content\/uploads\/2023\/07\/IMG_6899-2-1568x1045.jpg 1568w\" sizes=\"(max-width: 1024px) 100vw, 1024px\" \/><\/figure>\n\n\n\n<figure class=\"wp-block-image size-large\"><img decoding=\"async\" loading=\"lazy\" width=\"1024\" height=\"683\" src=\"https:\/\/blog.jungwacht-oberegg.ch\/lager2023\/wp-content\/uploads\/2023\/07\/IMG_6918-1024x683.jpg\" alt=\"\" class=\"wp-image-103\" srcset=\"https:\/\/blog.jungwacht-oberegg.ch\/lager2023\/wp-content\/uploads\/2023\/07\/IMG_6918-1024x683.jpg 1024w, https:\/\/blog.jungwacht-oberegg.ch\/lager2023\/wp-content\/uploads\/2023\/07\/IMG_6918-300x200.jpg 300w, https:\/\/blog.jungwacht-oberegg.ch\/lager2023\/wp-content\/uploads\/2023\/07\/IMG_6918-768x512.jpg 768w, https:\/\/blog.jungwacht-oberegg.ch\/lager2023\/wp-content\/uploads\/2023\/07\/IMG_6918-1536x1024.jpg 1536w, https:\/\/blog.jungwacht-oberegg.ch\/lager2023\/wp-content\/uploads\/2023\/07\/IMG_6918-2048x1365.jpg 2048w, https:\/\/blog.jungwacht-oberegg.ch\/lager2023\/wp-content\/uploads\/2023\/07\/IMG_6918-1568x1045.jpg 1568w\" sizes=\"(max-width: 1024px) 100vw, 1024px\" \/><\/figure>\n","protected":false},"excerpt":{"rendered":"<p>Am gestrigen Abend wollte Schneewittchen wissen, wieviel wir \u00fcber R\u00e4mtlewil und die Personen, die dort wohnen, wissen. Gemeinsam erlebten wir einen kurzweiligen Quizabend mit lustigen Fragen. Am heutigen Nachmittag erhielten wir den letzten Besuch aus dem Zauberspiegel &#8211; von Ariel der Meerjungfrau. Da sie \u00f6fters ihren guten Fischfreund Fabius verarzten muss, konnten wir einiges \u00fcberdie&hellip; <a class=\"more-link\" href=\"https:\/\/blog.jungwacht-oberegg.ch\/lager2023\/index.php\/2023\/07\/27\/die-7-zwerge-sind-komplett\/\"><span class=\"screen-reader-text\">Die 7 Zwerge sind komplett<\/span> weiterlesen<\/a><\/p>\n","protected":false},"author":1,"featured_media":0,"comment_status":"open","ping_status":"open","sticky":false,"template":"","format":"standard","meta":[],"categories":[1],"tags":[],"_links":{"self":[{"href":"https:\/\/blog.jungwacht-oberegg.ch\/lager2023\/index.php\/wp-json\/wp\/v2\/posts\/89"}],"collection":[{"href":"https:\/\/blog.jungwacht-oberegg.ch\/lager2023\/index.php\/wp-json\/wp\/v2\/posts"}],"about":[{"href":"https:\/\/blog.jungwacht-oberegg.ch\/lager2023\/index.php\/wp-json\/wp\/v2\/types\/post"}],"author":[{"embeddable":true,"href":"https:\/\/blog.jungwacht-oberegg.ch\/lager2023\/index.php\/wp-json\/wp\/v2\/users\/1"}],"replies":[{"embeddable":true,"href":"https:\/\/blog.jungwacht-oberegg.ch\/lager2023\/index.php\/wp-json\/wp\/v2\/comments?post=89"}],"version-history":[{"count":2,"href":"https:\/\/blog.jungwacht-oberegg.ch\/lager2023\/index.php\/wp-json\/wp\/v2\/posts\/89\/revisions"}],"predecessor-version":[{"id":107,"href":"https:\/\/blog.jungwacht-oberegg.ch\/lager2023\/index.php\/wp-json\/wp\/v2\/posts\/89\/revisions\/107"}],"wp:attachment":[{"href":"https:\/\/blog.jungwacht-oberegg.ch\/lager2023\/index.php\/wp-json\/wp\/v2\/media?parent=89"}],"wp:term":[{"taxonomy":"category","embeddable":true,"href":"https:\/\/blog.jungwacht-oberegg.ch\/lager2023\/index.php\/wp-json\/wp\/v2\/categories?post=89"},{"taxonomy":"post_tag","embeddable":true,"href":"https:\/\/blog.jungwacht-oberegg.ch\/lager2023\/index.php\/wp-json\/wp\/v2\/tags?post=89"}],"curies":[{"name":"wp","href":"https:\/\/api.w.org\/{rel}","templated":true}]}}