{"id":43,"date":"2023-07-23T20:53:45","date_gmt":"2023-07-23T20:53:45","guid":{"rendered":"https:\/\/blog.jungwacht-oberegg.ch\/lager2023\/?p=43"},"modified":"2023-07-23T20:56:28","modified_gmt":"2023-07-23T20:56:28","slug":"der-zebrochne-spiegel","status":"publish","type":"post","link":"https:\/\/blog.jungwacht-oberegg.ch\/lager2023\/index.php\/2023\/07\/23\/der-zebrochne-spiegel\/","title":{"rendered":"Der zerbrochene Spiegel"},"content":{"rendered":"\n<p>Wir vermuten, dass das Verschwinden der fehlenden f\u00fcnf Zwerge mit dem zerbrochenen<br>Zauberspiegel zusammenh\u00e4ngen k\u00f6nnte. Damit alle Zwerge und Schneewittchen wieder vereint<br>werden, versuchen wir nun, die Spiegelsplitter zu finden und den Zauberspiegel zu flicken.<\/p>\n\n\n\n<p>Am gestrigen Abend kam pl\u00f6tzlich der gestiefelte Kater aus dem zerbrochenen Zauberspiegel<br>geschlichen. Er hatte ein St\u00fcck des Spiegels dabei. Da er das St\u00fcck so sch\u00f6n fand, wollte er es uns<br>nicht einfach so \u00fcberlassen. Da Katzen neun Leben haben und er bereits acht davon verbraucht hat,<br>halfen wir ihm, die Leben wieder&nbsp;zu&nbsp;beschaffen.<\/p>\n\n\n\n<figure class=\"wp-block-image size-large\"><img decoding=\"async\" loading=\"lazy\" width=\"1024\" height=\"683\" src=\"https:\/\/blog.jungwacht-oberegg.ch\/lager2023\/wp-content\/uploads\/2023\/07\/IMG_5359-1024x683.jpg\" alt=\"\" class=\"wp-image-45\" srcset=\"https:\/\/blog.jungwacht-oberegg.ch\/lager2023\/wp-content\/uploads\/2023\/07\/IMG_5359-1024x683.jpg 1024w, https:\/\/blog.jungwacht-oberegg.ch\/lager2023\/wp-content\/uploads\/2023\/07\/IMG_5359-300x200.jpg 300w, https:\/\/blog.jungwacht-oberegg.ch\/lager2023\/wp-content\/uploads\/2023\/07\/IMG_5359-768x512.jpg 768w, https:\/\/blog.jungwacht-oberegg.ch\/lager2023\/wp-content\/uploads\/2023\/07\/IMG_5359-1536x1024.jpg 1536w, https:\/\/blog.jungwacht-oberegg.ch\/lager2023\/wp-content\/uploads\/2023\/07\/IMG_5359-2048x1365.jpg 2048w, https:\/\/blog.jungwacht-oberegg.ch\/lager2023\/wp-content\/uploads\/2023\/07\/IMG_5359-1568x1045.jpg 1568w\" sizes=\"(max-width: 1024px) 100vw, 1024px\" \/><\/figure>\n\n\n\n<figure class=\"wp-block-image size-large\"><img decoding=\"async\" loading=\"lazy\" width=\"1024\" height=\"683\" src=\"https:\/\/blog.jungwacht-oberegg.ch\/lager2023\/wp-content\/uploads\/2023\/07\/IMG_5388-1024x683.jpg\" alt=\"\" class=\"wp-image-44\" srcset=\"https:\/\/blog.jungwacht-oberegg.ch\/lager2023\/wp-content\/uploads\/2023\/07\/IMG_5388-1024x683.jpg 1024w, https:\/\/blog.jungwacht-oberegg.ch\/lager2023\/wp-content\/uploads\/2023\/07\/IMG_5388-300x200.jpg 300w, https:\/\/blog.jungwacht-oberegg.ch\/lager2023\/wp-content\/uploads\/2023\/07\/IMG_5388-768x512.jpg 768w, https:\/\/blog.jungwacht-oberegg.ch\/lager2023\/wp-content\/uploads\/2023\/07\/IMG_5388-1536x1024.jpg 1536w, https:\/\/blog.jungwacht-oberegg.ch\/lager2023\/wp-content\/uploads\/2023\/07\/IMG_5388-2048x1365.jpg 2048w, https:\/\/blog.jungwacht-oberegg.ch\/lager2023\/wp-content\/uploads\/2023\/07\/IMG_5388-1568x1045.jpg 1568w\" sizes=\"(max-width: 1024px) 100vw, 1024px\" \/><\/figure>\n\n\n\n<p>Mit Hilfe eines Gel\u00e4ndespiels haben wir probiert, dem gestiefelten Kater die Wunschsterne, die ihm<br>Leben schenken, zu&nbsp;besorgen. Dies gelang uns und so konnten wir die Wunschsterne gegen das<br>fehlende Spiegelst\u00fcck eintauschen.<\/p>\n\n\n\n<p>Am heutigen Morgen sind wir bereits fr\u00fch in den Tag gestartet. Schneewittchen zeigte uns, wie sie<br>sich in ihrem K\u00f6nigreich&nbsp;fit&nbsp;h\u00e4lt. Motiviert f\u00fchrten alle die Morgengymnastik aus.<\/p>\n\n\n\n<figure class=\"wp-block-image size-large\"><img decoding=\"async\" loading=\"lazy\" width=\"1024\" height=\"683\" src=\"https:\/\/blog.jungwacht-oberegg.ch\/lager2023\/wp-content\/uploads\/2023\/07\/IMG_5465-1024x683.jpg\" alt=\"\" class=\"wp-image-46\" srcset=\"https:\/\/blog.jungwacht-oberegg.ch\/lager2023\/wp-content\/uploads\/2023\/07\/IMG_5465-1024x683.jpg 1024w, https:\/\/blog.jungwacht-oberegg.ch\/lager2023\/wp-content\/uploads\/2023\/07\/IMG_5465-300x200.jpg 300w, https:\/\/blog.jungwacht-oberegg.ch\/lager2023\/wp-content\/uploads\/2023\/07\/IMG_5465-768x512.jpg 768w, https:\/\/blog.jungwacht-oberegg.ch\/lager2023\/wp-content\/uploads\/2023\/07\/IMG_5465-1536x1024.jpg 1536w, https:\/\/blog.jungwacht-oberegg.ch\/lager2023\/wp-content\/uploads\/2023\/07\/IMG_5465-2048x1365.jpg 2048w, https:\/\/blog.jungwacht-oberegg.ch\/lager2023\/wp-content\/uploads\/2023\/07\/IMG_5465-1568x1045.jpg 1568w\" sizes=\"(max-width: 1024px) 100vw, 1024px\" \/><\/figure>\n\n\n\n<figure class=\"wp-block-image size-large\"><img decoding=\"async\" loading=\"lazy\" width=\"1024\" height=\"683\" src=\"https:\/\/blog.jungwacht-oberegg.ch\/lager2023\/wp-content\/uploads\/2023\/07\/IMG_5488-1024x683.jpg\" alt=\"\" class=\"wp-image-47\" srcset=\"https:\/\/blog.jungwacht-oberegg.ch\/lager2023\/wp-content\/uploads\/2023\/07\/IMG_5488-1024x683.jpg 1024w, https:\/\/blog.jungwacht-oberegg.ch\/lager2023\/wp-content\/uploads\/2023\/07\/IMG_5488-300x200.jpg 300w, https:\/\/blog.jungwacht-oberegg.ch\/lager2023\/wp-content\/uploads\/2023\/07\/IMG_5488-768x512.jpg 768w, https:\/\/blog.jungwacht-oberegg.ch\/lager2023\/wp-content\/uploads\/2023\/07\/IMG_5488-1536x1024.jpg 1536w, https:\/\/blog.jungwacht-oberegg.ch\/lager2023\/wp-content\/uploads\/2023\/07\/IMG_5488-2048x1365.jpg 2048w, https:\/\/blog.jungwacht-oberegg.ch\/lager2023\/wp-content\/uploads\/2023\/07\/IMG_5488-1568x1045.jpg 1568w\" sizes=\"(max-width: 1024px) 100vw, 1024px\" \/><\/figure>\n\n\n\n<p>Nach dem Morgensport und dem vorz\u00fcglichen Brunch stolperte Rotk\u00e4ppchen aus dem<br>Zauberspiegel. In ihrer Hand hielt sie einen Spiegelsplitter. Sie verlief sich auf dem Weg zur<br>Grossmutter. Mit ihr zusammen \u00fcbten wir gemeinsam die Basics, um sich in einem Gel\u00e4nde zurecht<br>zu finden, damit ihr dies nicht ein zweites mal passiert.<\/p>\n\n\n\n<figure class=\"wp-block-image size-large\"><img decoding=\"async\" loading=\"lazy\" width=\"1024\" height=\"683\" src=\"https:\/\/blog.jungwacht-oberegg.ch\/lager2023\/wp-content\/uploads\/2023\/07\/IMG_5553-1024x683.jpg\" alt=\"\" class=\"wp-image-49\" srcset=\"https:\/\/blog.jungwacht-oberegg.ch\/lager2023\/wp-content\/uploads\/2023\/07\/IMG_5553-1024x683.jpg 1024w, https:\/\/blog.jungwacht-oberegg.ch\/lager2023\/wp-content\/uploads\/2023\/07\/IMG_5553-300x200.jpg 300w, https:\/\/blog.jungwacht-oberegg.ch\/lager2023\/wp-content\/uploads\/2023\/07\/IMG_5553-768x512.jpg 768w, https:\/\/blog.jungwacht-oberegg.ch\/lager2023\/wp-content\/uploads\/2023\/07\/IMG_5553-1536x1024.jpg 1536w, https:\/\/blog.jungwacht-oberegg.ch\/lager2023\/wp-content\/uploads\/2023\/07\/IMG_5553-2048x1365.jpg 2048w, https:\/\/blog.jungwacht-oberegg.ch\/lager2023\/wp-content\/uploads\/2023\/07\/IMG_5553-1568x1045.jpg 1568w\" sizes=\"(max-width: 1024px) 100vw, 1024px\" \/><\/figure>\n\n\n\n<figure class=\"wp-block-image size-large\"><img decoding=\"async\" loading=\"lazy\" width=\"1024\" height=\"683\" src=\"https:\/\/blog.jungwacht-oberegg.ch\/lager2023\/wp-content\/uploads\/2023\/07\/IMG_5570-1024x683.jpg\" alt=\"\" class=\"wp-image-50\" srcset=\"https:\/\/blog.jungwacht-oberegg.ch\/lager2023\/wp-content\/uploads\/2023\/07\/IMG_5570-1024x683.jpg 1024w, https:\/\/blog.jungwacht-oberegg.ch\/lager2023\/wp-content\/uploads\/2023\/07\/IMG_5570-300x200.jpg 300w, https:\/\/blog.jungwacht-oberegg.ch\/lager2023\/wp-content\/uploads\/2023\/07\/IMG_5570-768x512.jpg 768w, https:\/\/blog.jungwacht-oberegg.ch\/lager2023\/wp-content\/uploads\/2023\/07\/IMG_5570-1536x1024.jpg 1536w, https:\/\/blog.jungwacht-oberegg.ch\/lager2023\/wp-content\/uploads\/2023\/07\/IMG_5570-2048x1365.jpg 2048w, https:\/\/blog.jungwacht-oberegg.ch\/lager2023\/wp-content\/uploads\/2023\/07\/IMG_5570-1568x1045.jpg 1568w\" sizes=\"(max-width: 1024px) 100vw, 1024px\" \/><\/figure>\n\n\n\n<p>Damit sich das Rotk\u00e4ppchen gegen den b\u00f6sen Wolf verteidigen kann, trainierten wir mit ihr<br>zus\u00e4tzlich Kraft, Ausdauer und Geschicklichkeit in einem V\u00f6lkerball. Als Dank f\u00fcr unsere<br>Unterst\u00fctzung erhielten wir das Spiegelst\u00fcck.<\/p>\n\n\n\n<figure class=\"wp-block-image size-large\"><img decoding=\"async\" loading=\"lazy\" width=\"1024\" height=\"683\" src=\"https:\/\/blog.jungwacht-oberegg.ch\/lager2023\/wp-content\/uploads\/2023\/07\/IMG_5679-1024x683.jpg\" alt=\"\" class=\"wp-image-51\" srcset=\"https:\/\/blog.jungwacht-oberegg.ch\/lager2023\/wp-content\/uploads\/2023\/07\/IMG_5679-1024x683.jpg 1024w, https:\/\/blog.jungwacht-oberegg.ch\/lager2023\/wp-content\/uploads\/2023\/07\/IMG_5679-300x200.jpg 300w, https:\/\/blog.jungwacht-oberegg.ch\/lager2023\/wp-content\/uploads\/2023\/07\/IMG_5679-768x512.jpg 768w, https:\/\/blog.jungwacht-oberegg.ch\/lager2023\/wp-content\/uploads\/2023\/07\/IMG_5679-1536x1024.jpg 1536w, https:\/\/blog.jungwacht-oberegg.ch\/lager2023\/wp-content\/uploads\/2023\/07\/IMG_5679-2048x1365.jpg 2048w, https:\/\/blog.jungwacht-oberegg.ch\/lager2023\/wp-content\/uploads\/2023\/07\/IMG_5679-1568x1045.jpg 1568w\" sizes=\"(max-width: 1024px) 100vw, 1024px\" \/><\/figure>\n","protected":false},"excerpt":{"rendered":"<p>Wir vermuten, dass das Verschwinden der fehlenden f\u00fcnf Zwerge mit dem zerbrochenenZauberspiegel zusammenh\u00e4ngen k\u00f6nnte. Damit alle Zwerge und Schneewittchen wieder vereintwerden, versuchen wir nun, die Spiegelsplitter zu finden und den Zauberspiegel zu flicken. Am gestrigen Abend kam pl\u00f6tzlich der gestiefelte Kater aus dem zerbrochenen Zauberspiegelgeschlichen. Er hatte ein St\u00fcck des Spiegels dabei. Da er das&hellip; <a class=\"more-link\" href=\"https:\/\/blog.jungwacht-oberegg.ch\/lager2023\/index.php\/2023\/07\/23\/der-zebrochne-spiegel\/\"><span class=\"screen-reader-text\">Der zerbrochene Spiegel<\/span> weiterlesen<\/a><\/p>\n","protected":false},"author":1,"featured_media":0,"comment_status":"open","ping_status":"open","sticky":false,"template":"","format":"standard","meta":[],"categories":[1],"tags":[],"_links":{"self":[{"href":"https:\/\/blog.jungwacht-oberegg.ch\/lager2023\/index.php\/wp-json\/wp\/v2\/posts\/43"}],"collection":[{"href":"https:\/\/blog.jungwacht-oberegg.ch\/lager2023\/index.php\/wp-json\/wp\/v2\/posts"}],"about":[{"href":"https:\/\/blog.jungwacht-oberegg.ch\/lager2023\/index.php\/wp-json\/wp\/v2\/types\/post"}],"author":[{"embeddable":true,"href":"https:\/\/blog.jungwacht-oberegg.ch\/lager2023\/index.php\/wp-json\/wp\/v2\/users\/1"}],"replies":[{"embeddable":true,"href":"https:\/\/blog.jungwacht-oberegg.ch\/lager2023\/index.php\/wp-json\/wp\/v2\/comments?post=43"}],"version-history":[{"count":5,"href":"https:\/\/blog.jungwacht-oberegg.ch\/lager2023\/index.php\/wp-json\/wp\/v2\/posts\/43\/revisions"}],"predecessor-version":[{"id":55,"href":"https:\/\/blog.jungwacht-oberegg.ch\/lager2023\/index.php\/wp-json\/wp\/v2\/posts\/43\/revisions\/55"}],"wp:attachment":[{"href":"https:\/\/blog.jungwacht-oberegg.ch\/lager2023\/index.php\/wp-json\/wp\/v2\/media?parent=43"}],"wp:term":[{"taxonomy":"category","embeddable":true,"href":"https:\/\/blog.jungwacht-oberegg.ch\/lager2023\/index.php\/wp-json\/wp\/v2\/categories?post=43"},{"taxonomy":"post_tag","embeddable":true,"href":"https:\/\/blog.jungwacht-oberegg.ch\/lager2023\/index.php\/wp-json\/wp\/v2\/tags?post=43"}],"curies":[{"name":"wp","href":"https:\/\/api.w.org\/{rel}","templated":true}]}}