{"id":21,"date":"2023-07-20T16:31:39","date_gmt":"2023-07-20T16:31:39","guid":{"rendered":"https:\/\/blog.jungwacht-oberegg.ch\/lager2023\/?p=21"},"modified":"2023-07-20T16:31:39","modified_gmt":"2023-07-20T16:31:39","slug":"top-motivation","status":"publish","type":"post","link":"https:\/\/blog.jungwacht-oberegg.ch\/lager2023\/index.php\/2023\/07\/20\/top-motivation\/","title":{"rendered":"Top Motivation"},"content":{"rendered":"\n<p>Schon in den Morgenstunden starteten wir motiviert mit den Arbeiten. Schliesslich sollen es unsere G\u00e4ste gem\u00fctlich haben, hier in R\u00e4mtlewil.<\/p>\n\n\n\n<p>F\u00fcr unsere G\u00e4ste, die am Samstag anreisen werden, steht alles bereit. Egal ob es nun um Dusche, Schlafm\u00f6glichkeiten oder Verpflegung\u00a0geht. Es wird ihnen an\u00a0nichts\u00a0fehlen.<\/p>\n\n\n\n<figure class=\"wp-block-image size-large\"><img decoding=\"async\" loading=\"lazy\" width=\"1024\" height=\"683\" src=\"https:\/\/blog.jungwacht-oberegg.ch\/lager2023\/wp-content\/uploads\/2023\/07\/IMG_5043-1024x683.jpg\" alt=\"\" class=\"wp-image-23\" srcset=\"https:\/\/blog.jungwacht-oberegg.ch\/lager2023\/wp-content\/uploads\/2023\/07\/IMG_5043-1024x683.jpg 1024w, https:\/\/blog.jungwacht-oberegg.ch\/lager2023\/wp-content\/uploads\/2023\/07\/IMG_5043-300x200.jpg 300w, https:\/\/blog.jungwacht-oberegg.ch\/lager2023\/wp-content\/uploads\/2023\/07\/IMG_5043-768x512.jpg 768w, https:\/\/blog.jungwacht-oberegg.ch\/lager2023\/wp-content\/uploads\/2023\/07\/IMG_5043-1536x1024.jpg 1536w, https:\/\/blog.jungwacht-oberegg.ch\/lager2023\/wp-content\/uploads\/2023\/07\/IMG_5043-2048x1365.jpg 2048w, https:\/\/blog.jungwacht-oberegg.ch\/lager2023\/wp-content\/uploads\/2023\/07\/IMG_5043-1568x1045.jpg 1568w\" sizes=\"(max-width: 1024px) 100vw, 1024px\" \/><\/figure>\n\n\n\n<figure class=\"wp-block-image size-large\"><img decoding=\"async\" loading=\"lazy\" width=\"1024\" height=\"683\" src=\"https:\/\/blog.jungwacht-oberegg.ch\/lager2023\/wp-content\/uploads\/2023\/07\/IMG_5048-2-1024x683.jpg\" alt=\"\" class=\"wp-image-24\" srcset=\"https:\/\/blog.jungwacht-oberegg.ch\/lager2023\/wp-content\/uploads\/2023\/07\/IMG_5048-2-1024x683.jpg 1024w, https:\/\/blog.jungwacht-oberegg.ch\/lager2023\/wp-content\/uploads\/2023\/07\/IMG_5048-2-300x200.jpg 300w, https:\/\/blog.jungwacht-oberegg.ch\/lager2023\/wp-content\/uploads\/2023\/07\/IMG_5048-2-768x512.jpg 768w, https:\/\/blog.jungwacht-oberegg.ch\/lager2023\/wp-content\/uploads\/2023\/07\/IMG_5048-2-1536x1024.jpg 1536w, https:\/\/blog.jungwacht-oberegg.ch\/lager2023\/wp-content\/uploads\/2023\/07\/IMG_5048-2-2048x1365.jpg 2048w, https:\/\/blog.jungwacht-oberegg.ch\/lager2023\/wp-content\/uploads\/2023\/07\/IMG_5048-2-1568x1045.jpg 1568w\" sizes=\"(max-width: 1024px) 100vw, 1024px\" \/><\/figure>\n\n\n\n<figure class=\"wp-block-image size-large\"><img decoding=\"async\" loading=\"lazy\" width=\"1024\" height=\"683\" src=\"https:\/\/blog.jungwacht-oberegg.ch\/lager2023\/wp-content\/uploads\/2023\/07\/IMG_5061-1024x683.jpg\" alt=\"\" class=\"wp-image-25\" srcset=\"https:\/\/blog.jungwacht-oberegg.ch\/lager2023\/wp-content\/uploads\/2023\/07\/IMG_5061-1024x683.jpg 1024w, https:\/\/blog.jungwacht-oberegg.ch\/lager2023\/wp-content\/uploads\/2023\/07\/IMG_5061-300x200.jpg 300w, https:\/\/blog.jungwacht-oberegg.ch\/lager2023\/wp-content\/uploads\/2023\/07\/IMG_5061-768x512.jpg 768w, https:\/\/blog.jungwacht-oberegg.ch\/lager2023\/wp-content\/uploads\/2023\/07\/IMG_5061-1536x1024.jpg 1536w, https:\/\/blog.jungwacht-oberegg.ch\/lager2023\/wp-content\/uploads\/2023\/07\/IMG_5061-2048x1365.jpg 2048w, https:\/\/blog.jungwacht-oberegg.ch\/lager2023\/wp-content\/uploads\/2023\/07\/IMG_5061-1568x1045.jpg 1568w\" sizes=\"(max-width: 1024px) 100vw, 1024px\" \/><\/figure>\n\n\n\n<p>Nach einer guten Verpflegung, sowie einer Mittagspause, arbeiteten wir mit Freude weiter an den Bauten.<\/p>\n\n\n\n<figure class=\"wp-block-image size-large\"><img decoding=\"async\" loading=\"lazy\" width=\"1024\" height=\"821\" src=\"https:\/\/blog.jungwacht-oberegg.ch\/lager2023\/wp-content\/uploads\/2023\/07\/Screenshot-2023-07-20-182729-1024x821.png\" alt=\"\" class=\"wp-image-26\" srcset=\"https:\/\/blog.jungwacht-oberegg.ch\/lager2023\/wp-content\/uploads\/2023\/07\/Screenshot-2023-07-20-182729-1024x821.png 1024w, https:\/\/blog.jungwacht-oberegg.ch\/lager2023\/wp-content\/uploads\/2023\/07\/Screenshot-2023-07-20-182729-300x240.png 300w, https:\/\/blog.jungwacht-oberegg.ch\/lager2023\/wp-content\/uploads\/2023\/07\/Screenshot-2023-07-20-182729-768x615.png 768w, https:\/\/blog.jungwacht-oberegg.ch\/lager2023\/wp-content\/uploads\/2023\/07\/Screenshot-2023-07-20-182729.png 1188w\" sizes=\"(max-width: 1024px) 100vw, 1024px\" \/><\/figure>\n\n\n\n<figure class=\"wp-block-image size-large\"><img decoding=\"async\" loading=\"lazy\" width=\"1024\" height=\"683\" src=\"https:\/\/blog.jungwacht-oberegg.ch\/lager2023\/wp-content\/uploads\/2023\/07\/IMG_5083-1024x683.jpg\" alt=\"\" class=\"wp-image-27\" srcset=\"https:\/\/blog.jungwacht-oberegg.ch\/lager2023\/wp-content\/uploads\/2023\/07\/IMG_5083-1024x683.jpg 1024w, https:\/\/blog.jungwacht-oberegg.ch\/lager2023\/wp-content\/uploads\/2023\/07\/IMG_5083-300x200.jpg 300w, https:\/\/blog.jungwacht-oberegg.ch\/lager2023\/wp-content\/uploads\/2023\/07\/IMG_5083-768x512.jpg 768w, https:\/\/blog.jungwacht-oberegg.ch\/lager2023\/wp-content\/uploads\/2023\/07\/IMG_5083-1536x1024.jpg 1536w, https:\/\/blog.jungwacht-oberegg.ch\/lager2023\/wp-content\/uploads\/2023\/07\/IMG_5083-2048x1365.jpg 2048w, https:\/\/blog.jungwacht-oberegg.ch\/lager2023\/wp-content\/uploads\/2023\/07\/IMG_5083-1568x1045.jpg 1568w\" sizes=\"(max-width: 1024px) 100vw, 1024px\" \/><\/figure>\n","protected":false},"excerpt":{"rendered":"<p>Schon in den Morgenstunden starteten wir motiviert mit den Arbeiten. Schliesslich sollen es unsere G\u00e4ste gem\u00fctlich haben, hier in R\u00e4mtlewil. F\u00fcr unsere G\u00e4ste, die am Samstag anreisen werden, steht alles bereit. Egal ob es nun um Dusche, Schlafm\u00f6glichkeiten oder Verpflegung\u00a0geht. Es wird ihnen an\u00a0nichts\u00a0fehlen. Nach einer guten Verpflegung, sowie einer Mittagspause, arbeiteten wir mit Freude&hellip; <a class=\"more-link\" href=\"https:\/\/blog.jungwacht-oberegg.ch\/lager2023\/index.php\/2023\/07\/20\/top-motivation\/\"><span class=\"screen-reader-text\">Top Motivation<\/span> weiterlesen<\/a><\/p>\n","protected":false},"author":1,"featured_media":0,"comment_status":"open","ping_status":"open","sticky":false,"template":"","format":"standard","meta":[],"categories":[1],"tags":[],"_links":{"self":[{"href":"https:\/\/blog.jungwacht-oberegg.ch\/lager2023\/index.php\/wp-json\/wp\/v2\/posts\/21"}],"collection":[{"href":"https:\/\/blog.jungwacht-oberegg.ch\/lager2023\/index.php\/wp-json\/wp\/v2\/posts"}],"about":[{"href":"https:\/\/blog.jungwacht-oberegg.ch\/lager2023\/index.php\/wp-json\/wp\/v2\/types\/post"}],"author":[{"embeddable":true,"href":"https:\/\/blog.jungwacht-oberegg.ch\/lager2023\/index.php\/wp-json\/wp\/v2\/users\/1"}],"replies":[{"embeddable":true,"href":"https:\/\/blog.jungwacht-oberegg.ch\/lager2023\/index.php\/wp-json\/wp\/v2\/comments?post=21"}],"version-history":[{"count":2,"href":"https:\/\/blog.jungwacht-oberegg.ch\/lager2023\/index.php\/wp-json\/wp\/v2\/posts\/21\/revisions"}],"predecessor-version":[{"id":29,"href":"https:\/\/blog.jungwacht-oberegg.ch\/lager2023\/index.php\/wp-json\/wp\/v2\/posts\/21\/revisions\/29"}],"wp:attachment":[{"href":"https:\/\/blog.jungwacht-oberegg.ch\/lager2023\/index.php\/wp-json\/wp\/v2\/media?parent=21"}],"wp:term":[{"taxonomy":"category","embeddable":true,"href":"https:\/\/blog.jungwacht-oberegg.ch\/lager2023\/index.php\/wp-json\/wp\/v2\/categories?post=21"},{"taxonomy":"post_tag","embeddable":true,"href":"https:\/\/blog.jungwacht-oberegg.ch\/lager2023\/index.php\/wp-json\/wp\/v2\/tags?post=21"}],"curies":[{"name":"wp","href":"https:\/\/api.w.org\/{rel}","templated":true}]}}