{"id":109,"date":"2023-07-28T18:34:58","date_gmt":"2023-07-28T18:34:58","guid":{"rendered":"https:\/\/blog.jungwacht-oberegg.ch\/lager2023\/?p=109"},"modified":"2023-07-28T18:34:58","modified_gmt":"2023-07-28T18:34:58","slug":"heimreise-nach-oberegg","status":"publish","type":"post","link":"https:\/\/blog.jungwacht-oberegg.ch\/lager2023\/index.php\/2023\/07\/28\/heimreise-nach-oberegg\/","title":{"rendered":"Heimreise nach Oberegg"},"content":{"rendered":"\n<p>Wir durften eine erlebnisreiche Lagerwoche erleben. Aus bekannten Gr\u00fcnden reisten wir bereits heute zur\u00fcck nach Oberegg.<\/p>\n\n\n\n<figure class=\"wp-block-image size-large\"><img decoding=\"async\" loading=\"lazy\" width=\"1024\" height=\"683\" src=\"https:\/\/blog.jungwacht-oberegg.ch\/lager2023\/wp-content\/uploads\/2023\/07\/IMG_70741-1024x683.jpg\" alt=\"\" class=\"wp-image-112\" srcset=\"https:\/\/blog.jungwacht-oberegg.ch\/lager2023\/wp-content\/uploads\/2023\/07\/IMG_70741-1024x683.jpg 1024w, https:\/\/blog.jungwacht-oberegg.ch\/lager2023\/wp-content\/uploads\/2023\/07\/IMG_70741-300x200.jpg 300w, https:\/\/blog.jungwacht-oberegg.ch\/lager2023\/wp-content\/uploads\/2023\/07\/IMG_70741-768x512.jpg 768w, https:\/\/blog.jungwacht-oberegg.ch\/lager2023\/wp-content\/uploads\/2023\/07\/IMG_70741-1536x1024.jpg 1536w, https:\/\/blog.jungwacht-oberegg.ch\/lager2023\/wp-content\/uploads\/2023\/07\/IMG_70741-2048x1365.jpg 2048w, https:\/\/blog.jungwacht-oberegg.ch\/lager2023\/wp-content\/uploads\/2023\/07\/IMG_70741-1568x1045.jpg 1568w\" sizes=\"(max-width: 1024px) 100vw, 1024px\" \/><\/figure>\n\n\n\n<p>Am Morgen halfen alle tatkr\u00e4ftig beim Abbau der verschiedenen Bauten mit. Gegen Mittag war alles Material verstaut, das Gep\u00e4ck im Car deponiert und wir reisefertig. M\u00fcde, aber gl\u00fccklich traten wir die Heimreise an. In Oberegg wurden wir von den Eltern herzlich empfangen.<\/p>\n\n\n\n<figure class=\"wp-block-image size-large\"><img decoding=\"async\" loading=\"lazy\" width=\"1024\" height=\"683\" src=\"https:\/\/blog.jungwacht-oberegg.ch\/lager2023\/wp-content\/uploads\/2023\/07\/IMG_70911-1024x683.jpg\" alt=\"\" class=\"wp-image-111\" srcset=\"https:\/\/blog.jungwacht-oberegg.ch\/lager2023\/wp-content\/uploads\/2023\/07\/IMG_70911-1024x683.jpg 1024w, https:\/\/blog.jungwacht-oberegg.ch\/lager2023\/wp-content\/uploads\/2023\/07\/IMG_70911-300x200.jpg 300w, https:\/\/blog.jungwacht-oberegg.ch\/lager2023\/wp-content\/uploads\/2023\/07\/IMG_70911-768x512.jpg 768w, https:\/\/blog.jungwacht-oberegg.ch\/lager2023\/wp-content\/uploads\/2023\/07\/IMG_70911-1536x1024.jpg 1536w, https:\/\/blog.jungwacht-oberegg.ch\/lager2023\/wp-content\/uploads\/2023\/07\/IMG_70911-2048x1365.jpg 2048w, https:\/\/blog.jungwacht-oberegg.ch\/lager2023\/wp-content\/uploads\/2023\/07\/IMG_70911-1568x1045.jpg 1568w\" sizes=\"(max-width: 1024px) 100vw, 1024px\" \/><\/figure>\n","protected":false},"excerpt":{"rendered":"<p>Wir durften eine erlebnisreiche Lagerwoche erleben. Aus bekannten Gr\u00fcnden reisten wir bereits heute zur\u00fcck nach Oberegg. Am Morgen halfen alle tatkr\u00e4ftig beim Abbau der verschiedenen Bauten mit. Gegen Mittag war alles Material verstaut, das Gep\u00e4ck im Car deponiert und wir reisefertig. M\u00fcde, aber gl\u00fccklich traten wir die Heimreise an. In Oberegg wurden wir von den&hellip; <a class=\"more-link\" href=\"https:\/\/blog.jungwacht-oberegg.ch\/lager2023\/index.php\/2023\/07\/28\/heimreise-nach-oberegg\/\"><span class=\"screen-reader-text\">Heimreise nach Oberegg<\/span> weiterlesen<\/a><\/p>\n","protected":false},"author":1,"featured_media":0,"comment_status":"open","ping_status":"open","sticky":false,"template":"","format":"standard","meta":[],"categories":[1],"tags":[],"_links":{"self":[{"href":"https:\/\/blog.jungwacht-oberegg.ch\/lager2023\/index.php\/wp-json\/wp\/v2\/posts\/109"}],"collection":[{"href":"https:\/\/blog.jungwacht-oberegg.ch\/lager2023\/index.php\/wp-json\/wp\/v2\/posts"}],"about":[{"href":"https:\/\/blog.jungwacht-oberegg.ch\/lager2023\/index.php\/wp-json\/wp\/v2\/types\/post"}],"author":[{"embeddable":true,"href":"https:\/\/blog.jungwacht-oberegg.ch\/lager2023\/index.php\/wp-json\/wp\/v2\/users\/1"}],"replies":[{"embeddable":true,"href":"https:\/\/blog.jungwacht-oberegg.ch\/lager2023\/index.php\/wp-json\/wp\/v2\/comments?post=109"}],"version-history":[{"count":2,"href":"https:\/\/blog.jungwacht-oberegg.ch\/lager2023\/index.php\/wp-json\/wp\/v2\/posts\/109\/revisions"}],"predecessor-version":[{"id":114,"href":"https:\/\/blog.jungwacht-oberegg.ch\/lager2023\/index.php\/wp-json\/wp\/v2\/posts\/109\/revisions\/114"}],"wp:attachment":[{"href":"https:\/\/blog.jungwacht-oberegg.ch\/lager2023\/index.php\/wp-json\/wp\/v2\/media?parent=109"}],"wp:term":[{"taxonomy":"category","embeddable":true,"href":"https:\/\/blog.jungwacht-oberegg.ch\/lager2023\/index.php\/wp-json\/wp\/v2\/categories?post=109"},{"taxonomy":"post_tag","embeddable":true,"href":"https:\/\/blog.jungwacht-oberegg.ch\/lager2023\/index.php\/wp-json\/wp\/v2\/tags?post=109"}],"curies":[{"name":"wp","href":"https:\/\/api.w.org\/{rel}","templated":true}]}}