{"id":10,"date":"2023-07-19T17:12:01","date_gmt":"2023-07-19T17:12:01","guid":{"rendered":"https:\/\/blog.jungwacht-oberegg.ch\/lager2023\/?p=10"},"modified":"2023-07-19T17:17:26","modified_gmt":"2023-07-19T17:17:26","slug":"der-beginn-von-raemilewil","status":"publish","type":"post","link":"https:\/\/blog.jungwacht-oberegg.ch\/lager2023\/index.php\/2023\/07\/19\/der-beginn-von-raemilewil\/","title":{"rendered":"Der Beginn von R\u00e4mtlewil"},"content":{"rendered":"\n<p>Die Anreise nach R\u00e4mtlewil ist f\u00fcr die Leiter erfolgt. R\u00e4mtlewil liegt mitten in der idyllischen Natur. Damit sich die Bewohner wohler f\u00fchlen, packten alle tatkr\u00e4ftig mit an. Ein gem\u00fctliches R\u00e4mtlewil ist in der Entstehung.<\/p>\n\n\n\n<figure class=\"wp-block-image size-large\"><img decoding=\"async\" loading=\"lazy\" width=\"1024\" height=\"683\" src=\"https:\/\/blog.jungwacht-oberegg.ch\/lager2023\/wp-content\/uploads\/2023\/07\/IMG_4991-1024x683.jpg\" alt=\"\" class=\"wp-image-11\" srcset=\"https:\/\/blog.jungwacht-oberegg.ch\/lager2023\/wp-content\/uploads\/2023\/07\/IMG_4991-1024x683.jpg 1024w, https:\/\/blog.jungwacht-oberegg.ch\/lager2023\/wp-content\/uploads\/2023\/07\/IMG_4991-300x200.jpg 300w, https:\/\/blog.jungwacht-oberegg.ch\/lager2023\/wp-content\/uploads\/2023\/07\/IMG_4991-768x512.jpg 768w, https:\/\/blog.jungwacht-oberegg.ch\/lager2023\/wp-content\/uploads\/2023\/07\/IMG_4991-1536x1024.jpg 1536w, https:\/\/blog.jungwacht-oberegg.ch\/lager2023\/wp-content\/uploads\/2023\/07\/IMG_4991-2048x1365.jpg 2048w, https:\/\/blog.jungwacht-oberegg.ch\/lager2023\/wp-content\/uploads\/2023\/07\/IMG_4991-1568x1045.jpg 1568w\" sizes=\"(max-width: 1024px) 100vw, 1024px\" \/><\/figure>\n\n\n\n<figure class=\"wp-block-image size-large\"><img decoding=\"async\" loading=\"lazy\" width=\"1024\" height=\"683\" src=\"https:\/\/blog.jungwacht-oberegg.ch\/lager2023\/wp-content\/uploads\/2023\/07\/IMG_4951-1024x683.jpg\" alt=\"\" class=\"wp-image-12\" srcset=\"https:\/\/blog.jungwacht-oberegg.ch\/lager2023\/wp-content\/uploads\/2023\/07\/IMG_4951-1024x683.jpg 1024w, https:\/\/blog.jungwacht-oberegg.ch\/lager2023\/wp-content\/uploads\/2023\/07\/IMG_4951-300x200.jpg 300w, https:\/\/blog.jungwacht-oberegg.ch\/lager2023\/wp-content\/uploads\/2023\/07\/IMG_4951-768x512.jpg 768w, https:\/\/blog.jungwacht-oberegg.ch\/lager2023\/wp-content\/uploads\/2023\/07\/IMG_4951-1536x1024.jpg 1536w, https:\/\/blog.jungwacht-oberegg.ch\/lager2023\/wp-content\/uploads\/2023\/07\/IMG_4951-2048x1365.jpg 2048w, https:\/\/blog.jungwacht-oberegg.ch\/lager2023\/wp-content\/uploads\/2023\/07\/IMG_4951-1568x1045.jpg 1568w\" sizes=\"(max-width: 1024px) 100vw, 1024px\" \/><\/figure>\n\n\n\n<figure class=\"wp-block-image size-large\"><img decoding=\"async\" loading=\"lazy\" width=\"683\" height=\"1024\" src=\"https:\/\/blog.jungwacht-oberegg.ch\/lager2023\/wp-content\/uploads\/2023\/07\/IMG_5017-683x1024.jpg\" alt=\"\" class=\"wp-image-13\" srcset=\"https:\/\/blog.jungwacht-oberegg.ch\/lager2023\/wp-content\/uploads\/2023\/07\/IMG_5017-683x1024.jpg 683w, https:\/\/blog.jungwacht-oberegg.ch\/lager2023\/wp-content\/uploads\/2023\/07\/IMG_5017-200x300.jpg 200w, https:\/\/blog.jungwacht-oberegg.ch\/lager2023\/wp-content\/uploads\/2023\/07\/IMG_5017-768x1152.jpg 768w, https:\/\/blog.jungwacht-oberegg.ch\/lager2023\/wp-content\/uploads\/2023\/07\/IMG_5017-1024x1536.jpg 1024w, https:\/\/blog.jungwacht-oberegg.ch\/lager2023\/wp-content\/uploads\/2023\/07\/IMG_5017-1365x2048.jpg 1365w, https:\/\/blog.jungwacht-oberegg.ch\/lager2023\/wp-content\/uploads\/2023\/07\/IMG_5017-1568x2352.jpg 1568w, https:\/\/blog.jungwacht-oberegg.ch\/lager2023\/wp-content\/uploads\/2023\/07\/IMG_5017-scaled.jpg 1707w\" sizes=\"(max-width: 683px) 100vw, 683px\" \/><\/figure>\n","protected":false},"excerpt":{"rendered":"<p>Die Anreise nach R\u00e4mtlewil ist f\u00fcr die Leiter erfolgt. R\u00e4mtlewil liegt mitten in der idyllischen Natur. Damit sich die Bewohner wohler f\u00fchlen, packten alle tatkr\u00e4ftig mit an. Ein gem\u00fctliches R\u00e4mtlewil ist in der Entstehung.<\/p>\n","protected":false},"author":1,"featured_media":0,"comment_status":"open","ping_status":"open","sticky":false,"template":"","format":"standard","meta":[],"categories":[1],"tags":[],"_links":{"self":[{"href":"https:\/\/blog.jungwacht-oberegg.ch\/lager2023\/index.php\/wp-json\/wp\/v2\/posts\/10"}],"collection":[{"href":"https:\/\/blog.jungwacht-oberegg.ch\/lager2023\/index.php\/wp-json\/wp\/v2\/posts"}],"about":[{"href":"https:\/\/blog.jungwacht-oberegg.ch\/lager2023\/index.php\/wp-json\/wp\/v2\/types\/post"}],"author":[{"embeddable":true,"href":"https:\/\/blog.jungwacht-oberegg.ch\/lager2023\/index.php\/wp-json\/wp\/v2\/users\/1"}],"replies":[{"embeddable":true,"href":"https:\/\/blog.jungwacht-oberegg.ch\/lager2023\/index.php\/wp-json\/wp\/v2\/comments?post=10"}],"version-history":[{"count":3,"href":"https:\/\/blog.jungwacht-oberegg.ch\/lager2023\/index.php\/wp-json\/wp\/v2\/posts\/10\/revisions"}],"predecessor-version":[{"id":16,"href":"https:\/\/blog.jungwacht-oberegg.ch\/lager2023\/index.php\/wp-json\/wp\/v2\/posts\/10\/revisions\/16"}],"wp:attachment":[{"href":"https:\/\/blog.jungwacht-oberegg.ch\/lager2023\/index.php\/wp-json\/wp\/v2\/media?parent=10"}],"wp:term":[{"taxonomy":"category","embeddable":true,"href":"https:\/\/blog.jungwacht-oberegg.ch\/lager2023\/index.php\/wp-json\/wp\/v2\/categories?post=10"},{"taxonomy":"post_tag","embeddable":true,"href":"https:\/\/blog.jungwacht-oberegg.ch\/lager2023\/index.php\/wp-json\/wp\/v2\/tags?post=10"}],"curies":[{"name":"wp","href":"https:\/\/api.w.org\/{rel}","templated":true}]}}